{"id":5820,"date":"2022-11-07T22:59:04","date_gmt":"2022-11-07T21:59:04","guid":{"rendered":"https:\/\/www.ovaprojects.com\/?p=5820"},"modified":"2023-05-02T16:47:41","modified_gmt":"2023-05-02T14:47:41","slug":"maggio-2023-dusseldorf-vi-aspettiamo-allinterpack","status":"publish","type":"post","link":"https:\/\/www.ovaprojects.com\/it\/news-media-it\/maggio-2023-dusseldorf-vi-aspettiamo-allinterpack\/","title":{"rendered":"Maggio 2023, Dusseldorf &#8211; vi aspettiamo all&#8217;INTERPACK"},"content":{"rendered":"<p>\u00c8 la fiera internazionale delle macchine e dei prodotti per l\u2019imballaggio. Espongono produttori di macchine e dispositivi per l\u2019imballaggio, produttori di materiali di imballaggio, imballaggi e prodotti ausiliari, produttori di macchine e impianti per la produzione dolciaria, produttori di macchine e impianti per prodotti da forno, snacks e cereali, produttori di macchine e impianti per la produzione di altri alimenti, produttori di macchine e impianti per la produzione di prodotti farmaceutici e cosmetici, servizi.<br \/>\n<strong>L\u2019interpack aspira anche per il 2023 ad essere la fiera leader internazionale del settore degli imballaggi e dell\u2019industria di processo affine e lo sottolinea con il nuovo claim \u201cSimply Unique\u201d, che ultimamente caratterizza l\u2019immagine del marchio.<\/strong><br \/>\n\u201cL\u2019unicit\u00e0 dell\u2019interpack \u00e8 data soprattutto dalla variet\u00e0 unica dell\u2019offerta dei suoi espositori \u2013 ma \u00e8 resa completa dai suoi temi speciali che affrontano le tendenze dei prossimi anni. Nel 2023, la sostenibilit\u00e0 in tutte le sue sfaccettature sar\u00e0 ancora pi\u00f9 importante che negli anni passati, pertanto affronteranno questa tematica in cooperazione con i suoi partner. Oltre alle significative offerte in presenza ci saranno anche le proposte digitali\u201d.<\/p>\n","protected":false},"excerpt":{"rendered":"<p>\u00c8 la fiera internazionale delle macchine e dei prodotti per l\u2019imballaggio. Espongono produttori di macchine e dispositivi per l\u2019imballaggio, produttori di materiali di imballaggio, imballaggi e prodotti ausiliari, produttori di macchine e impianti per la produzione dolciaria, produttori di macchine e impianti per prodotti da forno, snacks e cereali, produttori di macchine e impianti per [&hellip;]<\/p>\n","protected":false},"author":4,"featured_media":5821,"comment_status":"closed","ping_status":"open","sticky":false,"template":"","format":"standard","meta":{"_acf_changed":false,"footnotes":""},"categories":[86,87],"tags":[],"class_list":["post-5820","post","type-post","status-publish","format-standard","has-post-thumbnail","hentry","category-fiere","category-news-media-it"],"acf":[],"yoast_head":"<!-- This site is optimized with the Yoast SEO plugin v23.5 - https:\/\/yoast.com\/wordpress\/plugins\/seo\/ -->\n<title>Maggio 2023, Dusseldorf - vi aspettiamo all&#039;INTERPACK - OVA projects<\/title>\n<meta name=\"robots\" content=\"index, follow, max-snippet:-1, max-image-preview:large, max-video-preview:-1\" \/>\n<link rel=\"canonical\" href=\"https:\/\/www.ovaprojects.com\/it\/news-media-it\/maggio-2023-dusseldorf-vi-aspettiamo-allinterpack\/\" \/>\n<meta property=\"og:locale\" content=\"it_IT\" \/>\n<meta property=\"og:type\" content=\"article\" \/>\n<meta property=\"og:title\" content=\"Maggio 2023, Dusseldorf - vi aspettiamo all&#039;INTERPACK - OVA projects\" \/>\n<meta property=\"og:description\" content=\"\u00c8 la fiera internazionale delle macchine e dei prodotti per l\u2019imballaggio. Espongono produttori di macchine e dispositivi per l\u2019imballaggio, produttori di materiali di imballaggio, imballaggi e prodotti ausiliari, produttori di macchine e impianti per la produzione dolciaria, produttori di macchine e impianti per prodotti da forno, snacks e cereali, produttori di macchine e impianti per [&hellip;]\" \/>\n<meta property=\"og:url\" content=\"https:\/\/www.ovaprojects.com\/it\/news-media-it\/maggio-2023-dusseldorf-vi-aspettiamo-allinterpack\/\" \/>\n<meta property=\"og:site_name\" content=\"OVA projects\" \/>\n<meta property=\"article:published_time\" content=\"2022-11-07T21:59:04+00:00\" \/>\n<meta property=\"article:modified_time\" content=\"2023-05-02T14:47:41+00:00\" \/>\n<meta property=\"og:image\" content=\"https:\/\/www.ovaprojects.com\/wp-content\/uploads\/2022\/11\/interpack-simply-unique-2023-dusseldorf.jpg\" \/>\n\t<meta property=\"og:image:width\" content=\"1000\" \/>\n\t<meta property=\"og:image:height\" content=\"633\" \/>\n\t<meta property=\"og:image:type\" content=\"image\/jpeg\" \/>\n<meta name=\"author\" content=\"Sarah Vallortigara\" \/>\n<meta name=\"twitter:card\" content=\"summary_large_image\" \/>\n<meta name=\"twitter:label1\" content=\"Scritto da\" \/>\n\t<meta name=\"twitter:data1\" content=\"Sarah Vallortigara\" \/>\n\t<meta name=\"twitter:label2\" content=\"Tempo di lettura stimato\" \/>\n\t<meta name=\"twitter:data2\" content=\"1 minuto\" \/>\n<script type=\"application\/ld+json\" class=\"yoast-schema-graph\">{\"@context\":\"https:\/\/schema.org\",\"@graph\":[{\"@type\":\"Article\",\"@id\":\"https:\/\/www.ovaprojects.com\/it\/news-media-it\/maggio-2023-dusseldorf-vi-aspettiamo-allinterpack\/#article\",\"isPartOf\":{\"@id\":\"https:\/\/www.ovaprojects.com\/it\/news-media-it\/maggio-2023-dusseldorf-vi-aspettiamo-allinterpack\/\"},\"author\":{\"name\":\"Sarah Vallortigara\",\"@id\":\"https:\/\/www.ovaprojects.com\/it\/#\/schema\/person\/bd6b4e42bf448abac768aac1bb61529e\"},\"headline\":\"Maggio 2023, Dusseldorf &#8211; vi aspettiamo all&#8217;INTERPACK\",\"datePublished\":\"2022-11-07T21:59:04+00:00\",\"dateModified\":\"2023-05-02T14:47:41+00:00\",\"mainEntityOfPage\":{\"@id\":\"https:\/\/www.ovaprojects.com\/it\/news-media-it\/maggio-2023-dusseldorf-vi-aspettiamo-allinterpack\/\"},\"wordCount\":186,\"publisher\":{\"@id\":\"https:\/\/www.ovaprojects.com\/it\/#organization\"},\"image\":{\"@id\":\"https:\/\/www.ovaprojects.com\/it\/news-media-it\/maggio-2023-dusseldorf-vi-aspettiamo-allinterpack\/#primaryimage\"},\"thumbnailUrl\":\"https:\/\/www.ovaprojects.com\/wp-content\/uploads\/2022\/11\/interpack-simply-unique-2023-dusseldorf.jpg\",\"articleSection\":[\"Fiere\",\"News &amp; Media\"],\"inLanguage\":\"it-IT\"},{\"@type\":\"WebPage\",\"@id\":\"https:\/\/www.ovaprojects.com\/it\/news-media-it\/maggio-2023-dusseldorf-vi-aspettiamo-allinterpack\/\",\"url\":\"https:\/\/www.ovaprojects.com\/it\/news-media-it\/maggio-2023-dusseldorf-vi-aspettiamo-allinterpack\/\",\"name\":\"Maggio 2023, Dusseldorf - vi aspettiamo all'INTERPACK - OVA projects\",\"isPartOf\":{\"@id\":\"https:\/\/www.ovaprojects.com\/it\/#website\"},\"primaryImageOfPage\":{\"@id\":\"https:\/\/www.ovaprojects.com\/it\/news-media-it\/maggio-2023-dusseldorf-vi-aspettiamo-allinterpack\/#primaryimage\"},\"image\":{\"@id\":\"https:\/\/www.ovaprojects.com\/it\/news-media-it\/maggio-2023-dusseldorf-vi-aspettiamo-allinterpack\/#primaryimage\"},\"thumbnailUrl\":\"https:\/\/www.ovaprojects.com\/wp-content\/uploads\/2022\/11\/interpack-simply-unique-2023-dusseldorf.jpg\",\"datePublished\":\"2022-11-07T21:59:04+00:00\",\"dateModified\":\"2023-05-02T14:47:41+00:00\",\"breadcrumb\":{\"@id\":\"https:\/\/www.ovaprojects.com\/it\/news-media-it\/maggio-2023-dusseldorf-vi-aspettiamo-allinterpack\/#breadcrumb\"},\"inLanguage\":\"it-IT\",\"potentialAction\":[{\"@type\":\"ReadAction\",\"target\":[\"https:\/\/www.ovaprojects.com\/it\/news-media-it\/maggio-2023-dusseldorf-vi-aspettiamo-allinterpack\/\"]}]},{\"@type\":\"ImageObject\",\"inLanguage\":\"it-IT\",\"@id\":\"https:\/\/www.ovaprojects.com\/it\/news-media-it\/maggio-2023-dusseldorf-vi-aspettiamo-allinterpack\/#primaryimage\",\"url\":\"https:\/\/www.ovaprojects.com\/wp-content\/uploads\/2022\/11\/interpack-simply-unique-2023-dusseldorf.jpg\",\"contentUrl\":\"https:\/\/www.ovaprojects.com\/wp-content\/uploads\/2022\/11\/interpack-simply-unique-2023-dusseldorf.jpg\",\"width\":1000,\"height\":633,\"caption\":\"INTERPACK - Simply Unique - 2023 Dusseldorf\"},{\"@type\":\"BreadcrumbList\",\"@id\":\"https:\/\/www.ovaprojects.com\/it\/news-media-it\/maggio-2023-dusseldorf-vi-aspettiamo-allinterpack\/#breadcrumb\",\"itemListElement\":[{\"@type\":\"ListItem\",\"position\":1,\"name\":\"Home\",\"item\":\"https:\/\/www.ovaprojects.com\/it\/\"},{\"@type\":\"ListItem\",\"position\":2,\"name\":\"News &amp; Media\",\"item\":\"https:\/\/www.ovaprojects.com\/it\/categoria\/news-media-it\/\"},{\"@type\":\"ListItem\",\"position\":3,\"name\":\"Maggio 2023, Dusseldorf &#8211; vi aspettiamo all&#8217;INTERPACK\"}]},{\"@type\":\"WebSite\",\"@id\":\"https:\/\/www.ovaprojects.com\/it\/#website\",\"url\":\"https:\/\/www.ovaprojects.com\/it\/\",\"name\":\"OVA projects\",\"description\":\"dosing and filling technology\",\"publisher\":{\"@id\":\"https:\/\/www.ovaprojects.com\/it\/#organization\"},\"potentialAction\":[{\"@type\":\"SearchAction\",\"target\":{\"@type\":\"EntryPoint\",\"urlTemplate\":\"https:\/\/www.ovaprojects.com\/it\/?s={search_term_string}\"},\"query-input\":{\"@type\":\"PropertyValueSpecification\",\"valueRequired\":true,\"valueName\":\"search_term_string\"}}],\"inLanguage\":\"it-IT\"},{\"@type\":\"Organization\",\"@id\":\"https:\/\/www.ovaprojects.com\/it\/#organization\",\"name\":\"OVA projects\",\"url\":\"https:\/\/www.ovaprojects.com\/it\/\",\"logo\":{\"@type\":\"ImageObject\",\"inLanguage\":\"it-IT\",\"@id\":\"https:\/\/www.ovaprojects.com\/it\/#\/schema\/logo\/image\/\",\"url\":\"https:\/\/www.ovaprojects.com\/wp-content\/uploads\/2022\/03\/logo-ova-projects.png\",\"contentUrl\":\"https:\/\/www.ovaprojects.com\/wp-content\/uploads\/2022\/03\/logo-ova-projects.png\",\"width\":512,\"height\":246,\"caption\":\"OVA projects\"},\"image\":{\"@id\":\"https:\/\/www.ovaprojects.com\/it\/#\/schema\/logo\/image\/\"}},{\"@type\":\"Person\",\"@id\":\"https:\/\/www.ovaprojects.com\/it\/#\/schema\/person\/bd6b4e42bf448abac768aac1bb61529e\",\"name\":\"Sarah Vallortigara\",\"sameAs\":[\"https:\/\/www.ovaprojects.com\"]}]}<\/script>\n<!-- \/ Yoast SEO plugin. -->","yoast_head_json":{"title":"Maggio 2023, Dusseldorf - vi aspettiamo all'INTERPACK - OVA projects","robots":{"index":"index","follow":"follow","max-snippet":"max-snippet:-1","max-image-preview":"max-image-preview:large","max-video-preview":"max-video-preview:-1"},"canonical":"https:\/\/www.ovaprojects.com\/it\/news-media-it\/maggio-2023-dusseldorf-vi-aspettiamo-allinterpack\/","og_locale":"it_IT","og_type":"article","og_title":"Maggio 2023, Dusseldorf - vi aspettiamo all'INTERPACK - OVA projects","og_description":"\u00c8 la fiera internazionale delle macchine e dei prodotti per l\u2019imballaggio. Espongono produttori di macchine e dispositivi per l\u2019imballaggio, produttori di materiali di imballaggio, imballaggi e prodotti ausiliari, produttori di macchine e impianti per la produzione dolciaria, produttori di macchine e impianti per prodotti da forno, snacks e cereali, produttori di macchine e impianti per [&hellip;]","og_url":"https:\/\/www.ovaprojects.com\/it\/news-media-it\/maggio-2023-dusseldorf-vi-aspettiamo-allinterpack\/","og_site_name":"OVA projects","article_published_time":"2022-11-07T21:59:04+00:00","article_modified_time":"2023-05-02T14:47:41+00:00","og_image":[{"width":1000,"height":633,"url":"https:\/\/www.ovaprojects.com\/wp-content\/uploads\/2022\/11\/interpack-simply-unique-2023-dusseldorf.jpg","type":"image\/jpeg"}],"author":"Sarah Vallortigara","twitter_card":"summary_large_image","twitter_misc":{"Scritto da":"Sarah Vallortigara","Tempo di lettura stimato":"1 minuto"},"schema":{"@context":"https:\/\/schema.org","@graph":[{"@type":"Article","@id":"https:\/\/www.ovaprojects.com\/it\/news-media-it\/maggio-2023-dusseldorf-vi-aspettiamo-allinterpack\/#article","isPartOf":{"@id":"https:\/\/www.ovaprojects.com\/it\/news-media-it\/maggio-2023-dusseldorf-vi-aspettiamo-allinterpack\/"},"author":{"name":"Sarah Vallortigara","@id":"https:\/\/www.ovaprojects.com\/it\/#\/schema\/person\/bd6b4e42bf448abac768aac1bb61529e"},"headline":"Maggio 2023, Dusseldorf &#8211; vi aspettiamo all&#8217;INTERPACK","datePublished":"2022-11-07T21:59:04+00:00","dateModified":"2023-05-02T14:47:41+00:00","mainEntityOfPage":{"@id":"https:\/\/www.ovaprojects.com\/it\/news-media-it\/maggio-2023-dusseldorf-vi-aspettiamo-allinterpack\/"},"wordCount":186,"publisher":{"@id":"https:\/\/www.ovaprojects.com\/it\/#organization"},"image":{"@id":"https:\/\/www.ovaprojects.com\/it\/news-media-it\/maggio-2023-dusseldorf-vi-aspettiamo-allinterpack\/#primaryimage"},"thumbnailUrl":"https:\/\/www.ovaprojects.com\/wp-content\/uploads\/2022\/11\/interpack-simply-unique-2023-dusseldorf.jpg","articleSection":["Fiere","News &amp; Media"],"inLanguage":"it-IT"},{"@type":"WebPage","@id":"https:\/\/www.ovaprojects.com\/it\/news-media-it\/maggio-2023-dusseldorf-vi-aspettiamo-allinterpack\/","url":"https:\/\/www.ovaprojects.com\/it\/news-media-it\/maggio-2023-dusseldorf-vi-aspettiamo-allinterpack\/","name":"Maggio 2023, Dusseldorf - vi aspettiamo all'INTERPACK - OVA projects","isPartOf":{"@id":"https:\/\/www.ovaprojects.com\/it\/#website"},"primaryImageOfPage":{"@id":"https:\/\/www.ovaprojects.com\/it\/news-media-it\/maggio-2023-dusseldorf-vi-aspettiamo-allinterpack\/#primaryimage"},"image":{"@id":"https:\/\/www.ovaprojects.com\/it\/news-media-it\/maggio-2023-dusseldorf-vi-aspettiamo-allinterpack\/#primaryimage"},"thumbnailUrl":"https:\/\/www.ovaprojects.com\/wp-content\/uploads\/2022\/11\/interpack-simply-unique-2023-dusseldorf.jpg","datePublished":"2022-11-07T21:59:04+00:00","dateModified":"2023-05-02T14:47:41+00:00","breadcrumb":{"@id":"https:\/\/www.ovaprojects.com\/it\/news-media-it\/maggio-2023-dusseldorf-vi-aspettiamo-allinterpack\/#breadcrumb"},"inLanguage":"it-IT","potentialAction":[{"@type":"ReadAction","target":["https:\/\/www.ovaprojects.com\/it\/news-media-it\/maggio-2023-dusseldorf-vi-aspettiamo-allinterpack\/"]}]},{"@type":"ImageObject","inLanguage":"it-IT","@id":"https:\/\/www.ovaprojects.com\/it\/news-media-it\/maggio-2023-dusseldorf-vi-aspettiamo-allinterpack\/#primaryimage","url":"https:\/\/www.ovaprojects.com\/wp-content\/uploads\/2022\/11\/interpack-simply-unique-2023-dusseldorf.jpg","contentUrl":"https:\/\/www.ovaprojects.com\/wp-content\/uploads\/2022\/11\/interpack-simply-unique-2023-dusseldorf.jpg","width":1000,"height":633,"caption":"INTERPACK - Simply Unique - 2023 Dusseldorf"},{"@type":"BreadcrumbList","@id":"https:\/\/www.ovaprojects.com\/it\/news-media-it\/maggio-2023-dusseldorf-vi-aspettiamo-allinterpack\/#breadcrumb","itemListElement":[{"@type":"ListItem","position":1,"name":"Home","item":"https:\/\/www.ovaprojects.com\/it\/"},{"@type":"ListItem","position":2,"name":"News &amp; Media","item":"https:\/\/www.ovaprojects.com\/it\/categoria\/news-media-it\/"},{"@type":"ListItem","position":3,"name":"Maggio 2023, Dusseldorf &#8211; vi aspettiamo all&#8217;INTERPACK"}]},{"@type":"WebSite","@id":"https:\/\/www.ovaprojects.com\/it\/#website","url":"https:\/\/www.ovaprojects.com\/it\/","name":"OVA projects","description":"dosing and filling technology","publisher":{"@id":"https:\/\/www.ovaprojects.com\/it\/#organization"},"potentialAction":[{"@type":"SearchAction","target":{"@type":"EntryPoint","urlTemplate":"https:\/\/www.ovaprojects.com\/it\/?s={search_term_string}"},"query-input":{"@type":"PropertyValueSpecification","valueRequired":true,"valueName":"search_term_string"}}],"inLanguage":"it-IT"},{"@type":"Organization","@id":"https:\/\/www.ovaprojects.com\/it\/#organization","name":"OVA projects","url":"https:\/\/www.ovaprojects.com\/it\/","logo":{"@type":"ImageObject","inLanguage":"it-IT","@id":"https:\/\/www.ovaprojects.com\/it\/#\/schema\/logo\/image\/","url":"https:\/\/www.ovaprojects.com\/wp-content\/uploads\/2022\/03\/logo-ova-projects.png","contentUrl":"https:\/\/www.ovaprojects.com\/wp-content\/uploads\/2022\/03\/logo-ova-projects.png","width":512,"height":246,"caption":"OVA projects"},"image":{"@id":"https:\/\/www.ovaprojects.com\/it\/#\/schema\/logo\/image\/"}},{"@type":"Person","@id":"https:\/\/www.ovaprojects.com\/it\/#\/schema\/person\/bd6b4e42bf448abac768aac1bb61529e","name":"Sarah Vallortigara","sameAs":["https:\/\/www.ovaprojects.com"]}]}},"_links":{"self":[{"href":"https:\/\/www.ovaprojects.com\/it\/wp-json\/wp\/v2\/posts\/5820","targetHints":{"allow":["GET"]}}],"collection":[{"href":"https:\/\/www.ovaprojects.com\/it\/wp-json\/wp\/v2\/posts"}],"about":[{"href":"https:\/\/www.ovaprojects.com\/it\/wp-json\/wp\/v2\/types\/post"}],"author":[{"embeddable":true,"href":"https:\/\/www.ovaprojects.com\/it\/wp-json\/wp\/v2\/users\/4"}],"replies":[{"embeddable":true,"href":"https:\/\/www.ovaprojects.com\/it\/wp-json\/wp\/v2\/comments?post=5820"}],"version-history":[{"count":0,"href":"https:\/\/www.ovaprojects.com\/it\/wp-json\/wp\/v2\/posts\/5820\/revisions"}],"wp:featuredmedia":[{"embeddable":true,"href":"https:\/\/www.ovaprojects.com\/it\/wp-json\/wp\/v2\/media\/5821"}],"wp:attachment":[{"href":"https:\/\/www.ovaprojects.com\/it\/wp-json\/wp\/v2\/media?parent=5820"}],"wp:term":[{"taxonomy":"category","embeddable":true,"href":"https:\/\/www.ovaprojects.com\/it\/wp-json\/wp\/v2\/categories?post=5820"},{"taxonomy":"post_tag","embeddable":true,"href":"https:\/\/www.ovaprojects.com\/it\/wp-json\/wp\/v2\/tags?post=5820"}],"curies":[{"name":"wp","href":"https:\/\/api.w.org\/{rel}","templated":true}]}}