{"id":6900,"date":"2025-04-28T13:03:21","date_gmt":"2025-04-28T11:03:21","guid":{"rendered":"https:\/\/www.ovaprojects.com\/news-media-es\/news-es\/ova-exhibits-at-the-iba-in-dusseldorf\/"},"modified":"2025-04-28T13:06:05","modified_gmt":"2025-04-28T11:06:05","slug":"ova-exhibits-at-the-iba-in-dusseldorf","status":"publish","type":"post","link":"https:\/\/www.ovaprojects.com\/es\/news-media-es\/exposiciones\/ova-exhibits-at-the-iba-in-dusseldorf\/","title":{"rendered":"OVA expone en la IBA de D\u00fcsseldorf"},"content":{"rendered":"<p>Es la principal feria internacional para la industria de la panader\u00eda, la pasteler\u00eda y snack que se celebrar\u00e1 del 18 al 22 de mayo de 2025 en Messe D\u00fcsseldorf. Ser\u00e1 la exposici\u00f3n de una amplia gama de maquinaria industrial y artesanal, desde avanzadas tecnolog\u00edas para la panader\u00eda hasta productos y soluciones innovadoras para la pasteler\u00eda.<\/p>\n<p>IBA 2025 es un evento fundamental para la creaci\u00f3n de redes y las oportunidades comerciales, en el que se re\u00fanen los principales especialistas del sector para ofrecer al p\u00fablico los avances en la mecanizaci\u00f3n y las t\u00e9cnicas de panificaci\u00f3n, as\u00ed como las tendencias del mercado.<\/p>\n<p>Ova Projects estar\u00e1 presente como expositor en el pabell\u00f3n 10.A45, donde pondremos a su disposici\u00f3n nuestros recursos comerciales, t\u00e9cnicos y administrativos para responder a las necesidades personalizadas que se nos soliciten. Adem\u00e1s, ofreceremos sesiones demostrativas y la visualizaci\u00f3n de algunas de nuestras m\u00e1quinas.<\/p>\n<p>&nbsp;<\/p>\n<p>&nbsp;<\/p>\n","protected":false},"excerpt":{"rendered":"<p>Es la principal feria internacional para la industria de la panader\u00eda, la pasteler\u00eda y snack que se celebrar\u00e1 del 18 al 22 de mayo de 2025 en Messe D\u00fcsseldorf. Ser\u00e1 la exposici\u00f3n de una amplia gama de maquinaria industrial y artesanal, desde avanzadas tecnolog\u00edas para la panader\u00eda hasta productos y soluciones innovadoras para la pasteler\u00eda. [&hellip;]<\/p>\n","protected":false},"author":4,"featured_media":6896,"comment_status":"closed","ping_status":"open","sticky":false,"template":"","format":"standard","meta":{"_acf_changed":false,"footnotes":""},"categories":[85],"tags":[],"class_list":["post-6900","post","type-post","status-publish","format-standard","has-post-thumbnail","hentry","category-exposiciones"],"acf":[],"yoast_head":"<!-- This site is optimized with the Yoast SEO plugin v23.5 - https:\/\/yoast.com\/wordpress\/plugins\/seo\/ -->\n<title>OVA expone en la IBA de D\u00fcsseldorf - OVA projects<\/title>\n<meta name=\"robots\" content=\"index, follow, max-snippet:-1, max-image-preview:large, max-video-preview:-1\" \/>\n<link rel=\"canonical\" href=\"https:\/\/www.ovaprojects.com\/es\/news-media-es\/exposiciones\/ova-exhibits-at-the-iba-in-dusseldorf\/\" \/>\n<meta property=\"og:locale\" content=\"es_ES\" \/>\n<meta property=\"og:type\" content=\"article\" \/>\n<meta property=\"og:title\" content=\"OVA expone en la IBA de D\u00fcsseldorf - OVA projects\" \/>\n<meta property=\"og:description\" content=\"Es la principal feria internacional para la industria de la panader\u00eda, la pasteler\u00eda y snack que se celebrar\u00e1 del 18 al 22 de mayo de 2025 en Messe D\u00fcsseldorf. Ser\u00e1 la exposici\u00f3n de una amplia gama de maquinaria industrial y artesanal, desde avanzadas tecnolog\u00edas para la panader\u00eda hasta productos y soluciones innovadoras para la pasteler\u00eda. [&hellip;]\" \/>\n<meta property=\"og:url\" content=\"https:\/\/www.ovaprojects.com\/es\/news-media-es\/exposiciones\/ova-exhibits-at-the-iba-in-dusseldorf\/\" \/>\n<meta property=\"og:site_name\" content=\"OVA projects\" \/>\n<meta property=\"article:published_time\" content=\"2025-04-28T11:03:21+00:00\" \/>\n<meta property=\"article:modified_time\" content=\"2025-04-28T11:06:05+00:00\" \/>\n<meta property=\"og:image\" content=\"https:\/\/www.ovaprojects.com\/wp-content\/uploads\/2025\/04\/iba-messe-2025-lebensmittelbereich-konditorei-baeckerei-bodenbelag-520x520px-2.jpg\" \/>\n\t<meta property=\"og:image:width\" content=\"1440\" \/>\n\t<meta property=\"og:image:height\" content=\"1440\" \/>\n\t<meta property=\"og:image:type\" content=\"image\/jpeg\" \/>\n<meta name=\"author\" content=\"Sarah Vallortigara\" \/>\n<meta name=\"twitter:card\" content=\"summary_large_image\" \/>\n<meta name=\"twitter:label1\" content=\"Escrito por\" \/>\n\t<meta name=\"twitter:data1\" content=\"Sarah Vallortigara\" \/>\n\t<meta name=\"twitter:label2\" content=\"Tiempo de lectura\" \/>\n\t<meta name=\"twitter:data2\" content=\"1 minuto\" \/>\n<script type=\"application\/ld+json\" class=\"yoast-schema-graph\">{\"@context\":\"https:\/\/schema.org\",\"@graph\":[{\"@type\":\"Article\",\"@id\":\"https:\/\/www.ovaprojects.com\/es\/news-media-es\/exposiciones\/ova-exhibits-at-the-iba-in-dusseldorf\/#article\",\"isPartOf\":{\"@id\":\"https:\/\/www.ovaprojects.com\/es\/news-media-es\/exposiciones\/ova-exhibits-at-the-iba-in-dusseldorf\/\"},\"author\":{\"name\":\"Sarah Vallortigara\",\"@id\":\"https:\/\/www.ovaprojects.com\/es\/#\/schema\/person\/bd6b4e42bf448abac768aac1bb61529e\"},\"headline\":\"OVA expone en la IBA de D\u00fcsseldorf\",\"datePublished\":\"2025-04-28T11:03:21+00:00\",\"dateModified\":\"2025-04-28T11:06:05+00:00\",\"mainEntityOfPage\":{\"@id\":\"https:\/\/www.ovaprojects.com\/es\/news-media-es\/exposiciones\/ova-exhibits-at-the-iba-in-dusseldorf\/\"},\"wordCount\":168,\"publisher\":{\"@id\":\"https:\/\/www.ovaprojects.com\/es\/#organization\"},\"image\":{\"@id\":\"https:\/\/www.ovaprojects.com\/es\/news-media-es\/exposiciones\/ova-exhibits-at-the-iba-in-dusseldorf\/#primaryimage\"},\"thumbnailUrl\":\"https:\/\/www.ovaprojects.com\/wp-content\/uploads\/2025\/04\/iba-messe-2025-lebensmittelbereich-konditorei-baeckerei-bodenbelag-520x520px-2.jpg\",\"articleSection\":[\"Exposiciones\"],\"inLanguage\":\"es\"},{\"@type\":\"WebPage\",\"@id\":\"https:\/\/www.ovaprojects.com\/es\/news-media-es\/exposiciones\/ova-exhibits-at-the-iba-in-dusseldorf\/\",\"url\":\"https:\/\/www.ovaprojects.com\/es\/news-media-es\/exposiciones\/ova-exhibits-at-the-iba-in-dusseldorf\/\",\"name\":\"OVA expone en la IBA de D\u00fcsseldorf - OVA projects\",\"isPartOf\":{\"@id\":\"https:\/\/www.ovaprojects.com\/es\/#website\"},\"primaryImageOfPage\":{\"@id\":\"https:\/\/www.ovaprojects.com\/es\/news-media-es\/exposiciones\/ova-exhibits-at-the-iba-in-dusseldorf\/#primaryimage\"},\"image\":{\"@id\":\"https:\/\/www.ovaprojects.com\/es\/news-media-es\/exposiciones\/ova-exhibits-at-the-iba-in-dusseldorf\/#primaryimage\"},\"thumbnailUrl\":\"https:\/\/www.ovaprojects.com\/wp-content\/uploads\/2025\/04\/iba-messe-2025-lebensmittelbereich-konditorei-baeckerei-bodenbelag-520x520px-2.jpg\",\"datePublished\":\"2025-04-28T11:03:21+00:00\",\"dateModified\":\"2025-04-28T11:06:05+00:00\",\"breadcrumb\":{\"@id\":\"https:\/\/www.ovaprojects.com\/es\/news-media-es\/exposiciones\/ova-exhibits-at-the-iba-in-dusseldorf\/#breadcrumb\"},\"inLanguage\":\"es\",\"potentialAction\":[{\"@type\":\"ReadAction\",\"target\":[\"https:\/\/www.ovaprojects.com\/es\/news-media-es\/exposiciones\/ova-exhibits-at-the-iba-in-dusseldorf\/\"]}]},{\"@type\":\"ImageObject\",\"inLanguage\":\"es\",\"@id\":\"https:\/\/www.ovaprojects.com\/es\/news-media-es\/exposiciones\/ova-exhibits-at-the-iba-in-dusseldorf\/#primaryimage\",\"url\":\"https:\/\/www.ovaprojects.com\/wp-content\/uploads\/2025\/04\/iba-messe-2025-lebensmittelbereich-konditorei-baeckerei-bodenbelag-520x520px-2.jpg\",\"contentUrl\":\"https:\/\/www.ovaprojects.com\/wp-content\/uploads\/2025\/04\/iba-messe-2025-lebensmittelbereich-konditorei-baeckerei-bodenbelag-520x520px-2.jpg\",\"width\":1440,\"height\":1440},{\"@type\":\"BreadcrumbList\",\"@id\":\"https:\/\/www.ovaprojects.com\/es\/news-media-es\/exposiciones\/ova-exhibits-at-the-iba-in-dusseldorf\/#breadcrumb\",\"itemListElement\":[{\"@type\":\"ListItem\",\"position\":1,\"name\":\"Home\",\"item\":\"https:\/\/www.ovaprojects.com\/es\/\"},{\"@type\":\"ListItem\",\"position\":2,\"name\":\"News &amp; Media\",\"item\":\"https:\/\/www.ovaprojects.com\/es\/categoria\/news-media-es\/\"},{\"@type\":\"ListItem\",\"position\":3,\"name\":\"Exposiciones\",\"item\":\"https:\/\/www.ovaprojects.com\/es\/categoria\/news-media-es\/exposiciones\/\"},{\"@type\":\"ListItem\",\"position\":4,\"name\":\"OVA expone en la IBA de D\u00fcsseldorf\"}]},{\"@type\":\"WebSite\",\"@id\":\"https:\/\/www.ovaprojects.com\/es\/#website\",\"url\":\"https:\/\/www.ovaprojects.com\/es\/\",\"name\":\"OVA projects\",\"description\":\"dosing and filling technology\",\"publisher\":{\"@id\":\"https:\/\/www.ovaprojects.com\/es\/#organization\"},\"potentialAction\":[{\"@type\":\"SearchAction\",\"target\":{\"@type\":\"EntryPoint\",\"urlTemplate\":\"https:\/\/www.ovaprojects.com\/es\/?s={search_term_string}\"},\"query-input\":{\"@type\":\"PropertyValueSpecification\",\"valueRequired\":true,\"valueName\":\"search_term_string\"}}],\"inLanguage\":\"es\"},{\"@type\":\"Organization\",\"@id\":\"https:\/\/www.ovaprojects.com\/es\/#organization\",\"name\":\"OVA projects\",\"url\":\"https:\/\/www.ovaprojects.com\/es\/\",\"logo\":{\"@type\":\"ImageObject\",\"inLanguage\":\"es\",\"@id\":\"https:\/\/www.ovaprojects.com\/es\/#\/schema\/logo\/image\/\",\"url\":\"https:\/\/www.ovaprojects.com\/wp-content\/uploads\/2022\/03\/logo-ova-projects.png\",\"contentUrl\":\"https:\/\/www.ovaprojects.com\/wp-content\/uploads\/2022\/03\/logo-ova-projects.png\",\"width\":512,\"height\":246,\"caption\":\"OVA projects\"},\"image\":{\"@id\":\"https:\/\/www.ovaprojects.com\/es\/#\/schema\/logo\/image\/\"}},{\"@type\":\"Person\",\"@id\":\"https:\/\/www.ovaprojects.com\/es\/#\/schema\/person\/bd6b4e42bf448abac768aac1bb61529e\",\"name\":\"Sarah Vallortigara\",\"sameAs\":[\"https:\/\/www.ovaprojects.com\"]}]}<\/script>\n<!-- \/ Yoast SEO plugin. -->","yoast_head_json":{"title":"OVA expone en la IBA de D\u00fcsseldorf - OVA projects","robots":{"index":"index","follow":"follow","max-snippet":"max-snippet:-1","max-image-preview":"max-image-preview:large","max-video-preview":"max-video-preview:-1"},"canonical":"https:\/\/www.ovaprojects.com\/es\/news-media-es\/exposiciones\/ova-exhibits-at-the-iba-in-dusseldorf\/","og_locale":"es_ES","og_type":"article","og_title":"OVA expone en la IBA de D\u00fcsseldorf - OVA projects","og_description":"Es la principal feria internacional para la industria de la panader\u00eda, la pasteler\u00eda y snack que se celebrar\u00e1 del 18 al 22 de mayo de 2025 en Messe D\u00fcsseldorf. Ser\u00e1 la exposici\u00f3n de una amplia gama de maquinaria industrial y artesanal, desde avanzadas tecnolog\u00edas para la panader\u00eda hasta productos y soluciones innovadoras para la pasteler\u00eda. [&hellip;]","og_url":"https:\/\/www.ovaprojects.com\/es\/news-media-es\/exposiciones\/ova-exhibits-at-the-iba-in-dusseldorf\/","og_site_name":"OVA projects","article_published_time":"2025-04-28T11:03:21+00:00","article_modified_time":"2025-04-28T11:06:05+00:00","og_image":[{"width":1440,"height":1440,"url":"https:\/\/www.ovaprojects.com\/wp-content\/uploads\/2025\/04\/iba-messe-2025-lebensmittelbereich-konditorei-baeckerei-bodenbelag-520x520px-2.jpg","type":"image\/jpeg"}],"author":"Sarah Vallortigara","twitter_card":"summary_large_image","twitter_misc":{"Escrito por":"Sarah Vallortigara","Tiempo de lectura":"1 minuto"},"schema":{"@context":"https:\/\/schema.org","@graph":[{"@type":"Article","@id":"https:\/\/www.ovaprojects.com\/es\/news-media-es\/exposiciones\/ova-exhibits-at-the-iba-in-dusseldorf\/#article","isPartOf":{"@id":"https:\/\/www.ovaprojects.com\/es\/news-media-es\/exposiciones\/ova-exhibits-at-the-iba-in-dusseldorf\/"},"author":{"name":"Sarah Vallortigara","@id":"https:\/\/www.ovaprojects.com\/es\/#\/schema\/person\/bd6b4e42bf448abac768aac1bb61529e"},"headline":"OVA expone en la IBA de D\u00fcsseldorf","datePublished":"2025-04-28T11:03:21+00:00","dateModified":"2025-04-28T11:06:05+00:00","mainEntityOfPage":{"@id":"https:\/\/www.ovaprojects.com\/es\/news-media-es\/exposiciones\/ova-exhibits-at-the-iba-in-dusseldorf\/"},"wordCount":168,"publisher":{"@id":"https:\/\/www.ovaprojects.com\/es\/#organization"},"image":{"@id":"https:\/\/www.ovaprojects.com\/es\/news-media-es\/exposiciones\/ova-exhibits-at-the-iba-in-dusseldorf\/#primaryimage"},"thumbnailUrl":"https:\/\/www.ovaprojects.com\/wp-content\/uploads\/2025\/04\/iba-messe-2025-lebensmittelbereich-konditorei-baeckerei-bodenbelag-520x520px-2.jpg","articleSection":["Exposiciones"],"inLanguage":"es"},{"@type":"WebPage","@id":"https:\/\/www.ovaprojects.com\/es\/news-media-es\/exposiciones\/ova-exhibits-at-the-iba-in-dusseldorf\/","url":"https:\/\/www.ovaprojects.com\/es\/news-media-es\/exposiciones\/ova-exhibits-at-the-iba-in-dusseldorf\/","name":"OVA expone en la IBA de D\u00fcsseldorf - OVA projects","isPartOf":{"@id":"https:\/\/www.ovaprojects.com\/es\/#website"},"primaryImageOfPage":{"@id":"https:\/\/www.ovaprojects.com\/es\/news-media-es\/exposiciones\/ova-exhibits-at-the-iba-in-dusseldorf\/#primaryimage"},"image":{"@id":"https:\/\/www.ovaprojects.com\/es\/news-media-es\/exposiciones\/ova-exhibits-at-the-iba-in-dusseldorf\/#primaryimage"},"thumbnailUrl":"https:\/\/www.ovaprojects.com\/wp-content\/uploads\/2025\/04\/iba-messe-2025-lebensmittelbereich-konditorei-baeckerei-bodenbelag-520x520px-2.jpg","datePublished":"2025-04-28T11:03:21+00:00","dateModified":"2025-04-28T11:06:05+00:00","breadcrumb":{"@id":"https:\/\/www.ovaprojects.com\/es\/news-media-es\/exposiciones\/ova-exhibits-at-the-iba-in-dusseldorf\/#breadcrumb"},"inLanguage":"es","potentialAction":[{"@type":"ReadAction","target":["https:\/\/www.ovaprojects.com\/es\/news-media-es\/exposiciones\/ova-exhibits-at-the-iba-in-dusseldorf\/"]}]},{"@type":"ImageObject","inLanguage":"es","@id":"https:\/\/www.ovaprojects.com\/es\/news-media-es\/exposiciones\/ova-exhibits-at-the-iba-in-dusseldorf\/#primaryimage","url":"https:\/\/www.ovaprojects.com\/wp-content\/uploads\/2025\/04\/iba-messe-2025-lebensmittelbereich-konditorei-baeckerei-bodenbelag-520x520px-2.jpg","contentUrl":"https:\/\/www.ovaprojects.com\/wp-content\/uploads\/2025\/04\/iba-messe-2025-lebensmittelbereich-konditorei-baeckerei-bodenbelag-520x520px-2.jpg","width":1440,"height":1440},{"@type":"BreadcrumbList","@id":"https:\/\/www.ovaprojects.com\/es\/news-media-es\/exposiciones\/ova-exhibits-at-the-iba-in-dusseldorf\/#breadcrumb","itemListElement":[{"@type":"ListItem","position":1,"name":"Home","item":"https:\/\/www.ovaprojects.com\/es\/"},{"@type":"ListItem","position":2,"name":"News &amp; Media","item":"https:\/\/www.ovaprojects.com\/es\/categoria\/news-media-es\/"},{"@type":"ListItem","position":3,"name":"Exposiciones","item":"https:\/\/www.ovaprojects.com\/es\/categoria\/news-media-es\/exposiciones\/"},{"@type":"ListItem","position":4,"name":"OVA expone en la IBA de D\u00fcsseldorf"}]},{"@type":"WebSite","@id":"https:\/\/www.ovaprojects.com\/es\/#website","url":"https:\/\/www.ovaprojects.com\/es\/","name":"OVA projects","description":"dosing and filling technology","publisher":{"@id":"https:\/\/www.ovaprojects.com\/es\/#organization"},"potentialAction":[{"@type":"SearchAction","target":{"@type":"EntryPoint","urlTemplate":"https:\/\/www.ovaprojects.com\/es\/?s={search_term_string}"},"query-input":{"@type":"PropertyValueSpecification","valueRequired":true,"valueName":"search_term_string"}}],"inLanguage":"es"},{"@type":"Organization","@id":"https:\/\/www.ovaprojects.com\/es\/#organization","name":"OVA projects","url":"https:\/\/www.ovaprojects.com\/es\/","logo":{"@type":"ImageObject","inLanguage":"es","@id":"https:\/\/www.ovaprojects.com\/es\/#\/schema\/logo\/image\/","url":"https:\/\/www.ovaprojects.com\/wp-content\/uploads\/2022\/03\/logo-ova-projects.png","contentUrl":"https:\/\/www.ovaprojects.com\/wp-content\/uploads\/2022\/03\/logo-ova-projects.png","width":512,"height":246,"caption":"OVA projects"},"image":{"@id":"https:\/\/www.ovaprojects.com\/es\/#\/schema\/logo\/image\/"}},{"@type":"Person","@id":"https:\/\/www.ovaprojects.com\/es\/#\/schema\/person\/bd6b4e42bf448abac768aac1bb61529e","name":"Sarah Vallortigara","sameAs":["https:\/\/www.ovaprojects.com"]}]}},"_links":{"self":[{"href":"https:\/\/www.ovaprojects.com\/es\/wp-json\/wp\/v2\/posts\/6900","targetHints":{"allow":["GET"]}}],"collection":[{"href":"https:\/\/www.ovaprojects.com\/es\/wp-json\/wp\/v2\/posts"}],"about":[{"href":"https:\/\/www.ovaprojects.com\/es\/wp-json\/wp\/v2\/types\/post"}],"author":[{"embeddable":true,"href":"https:\/\/www.ovaprojects.com\/es\/wp-json\/wp\/v2\/users\/4"}],"replies":[{"embeddable":true,"href":"https:\/\/www.ovaprojects.com\/es\/wp-json\/wp\/v2\/comments?post=6900"}],"version-history":[{"count":1,"href":"https:\/\/www.ovaprojects.com\/es\/wp-json\/wp\/v2\/posts\/6900\/revisions"}],"predecessor-version":[{"id":6901,"href":"https:\/\/www.ovaprojects.com\/es\/wp-json\/wp\/v2\/posts\/6900\/revisions\/6901"}],"wp:featuredmedia":[{"embeddable":true,"href":"https:\/\/www.ovaprojects.com\/es\/wp-json\/wp\/v2\/media\/6896"}],"wp:attachment":[{"href":"https:\/\/www.ovaprojects.com\/es\/wp-json\/wp\/v2\/media?parent=6900"}],"wp:term":[{"taxonomy":"category","embeddable":true,"href":"https:\/\/www.ovaprojects.com\/es\/wp-json\/wp\/v2\/categories?post=6900"},{"taxonomy":"post_tag","embeddable":true,"href":"https:\/\/www.ovaprojects.com\/es\/wp-json\/wp\/v2\/tags?post=6900"}],"curies":[{"name":"wp","href":"https:\/\/api.w.org\/{rel}","templated":true}]}}