{"id":5900,"date":"2022-11-07T22:52:44","date_gmt":"2022-11-07T21:52:44","guid":{"rendered":"https:\/\/www.ovaprojects.com\/news-media-es\/news-es\/ottobre-2023-monaco-vi-aspettiamo-alliba\/"},"modified":"2023-05-02T16:47:41","modified_gmt":"2023-05-02T14:47:41","slug":"octubre-de-2023-munich-esperamos-verte-en-la-iba","status":"publish","type":"post","link":"https:\/\/www.ovaprojects.com\/es\/news-media-es\/octubre-de-2023-munich-esperamos-verte-en-la-iba\/","title":{"rendered":"Octubre de 2023, M\u00fanich: esperamos verte en la IBA"},"content":{"rendered":"<p>IBA es la exposici\u00f3n internacional trienal dedicada al mercado de productos de panader\u00eda, que ofrece todos los productos de panader\u00eda y pasteler\u00eda. <strong>Quien visita la Exposici\u00f3n encuentra la \u00faltima tecnolog\u00eda dedicada<\/strong> y los mejores ingredientes para productos de panader\u00eda, mezcladores, hornos, equipamiento de tiendas, veh\u00edculos y programas DP para artesanos y la industria de la panader\u00eda. Los mercados mundiales de productos horneados est\u00e1n cambiando, incluso en pa\u00edses que tradicionalmente han consumido poco, el inter\u00e9s por los productos horneados, la pasteler\u00eda y las especialidades centroeuropeas est\u00e1 aumentando.<\/p>\n<p>Categor\u00edas IBE: panader\u00eda, alimentos, materias primas, envasado de alimentos, maquinaria de envasado, procesamiento de alimentos, industria de procesamiento de alimentos.<\/p>\n","protected":false},"excerpt":{"rendered":"<p>IBA es la exposici\u00f3n internacional trienal dedicada al mercado de productos de panader\u00eda, que ofrece todos los productos de panader\u00eda y pasteler\u00eda. Quien visita la Exposici\u00f3n encuentra la \u00faltima tecnolog\u00eda dedicada y los mejores ingredientes para productos de panader\u00eda, mezcladores, hornos, equipamiento de tiendas, veh\u00edculos y programas DP para artesanos y la industria de la [&hellip;]<\/p>\n","protected":false},"author":4,"featured_media":5818,"comment_status":"closed","ping_status":"closed","sticky":false,"template":"","format":"standard","meta":{"_acf_changed":false,"footnotes":""},"categories":[85,88],"tags":[],"class_list":["post-5900","post","type-post","status-publish","format-standard","has-post-thumbnail","hentry","category-exposiciones","category-news-media-es"],"acf":[],"yoast_head":"<!-- This site is optimized with the Yoast SEO plugin v23.5 - https:\/\/yoast.com\/wordpress\/plugins\/seo\/ -->\n<title>Octubre de 2023, M\u00fanich: esperamos verte en la IBA - OVA projects<\/title>\n<meta name=\"robots\" content=\"index, follow, max-snippet:-1, max-image-preview:large, max-video-preview:-1\" \/>\n<link rel=\"canonical\" href=\"https:\/\/www.ovaprojects.com\/es\/news-media-es\/octubre-de-2023-munich-esperamos-verte-en-la-iba\/\" \/>\n<meta property=\"og:locale\" content=\"es_ES\" \/>\n<meta property=\"og:type\" content=\"article\" \/>\n<meta property=\"og:title\" content=\"Octubre de 2023, M\u00fanich: esperamos verte en la IBA - OVA projects\" \/>\n<meta property=\"og:description\" content=\"IBA es la exposici\u00f3n internacional trienal dedicada al mercado de productos de panader\u00eda, que ofrece todos los productos de panader\u00eda y pasteler\u00eda. Quien visita la Exposici\u00f3n encuentra la \u00faltima tecnolog\u00eda dedicada y los mejores ingredientes para productos de panader\u00eda, mezcladores, hornos, equipamiento de tiendas, veh\u00edculos y programas DP para artesanos y la industria de la [&hellip;]\" \/>\n<meta property=\"og:url\" content=\"https:\/\/www.ovaprojects.com\/es\/news-media-es\/octubre-de-2023-munich-esperamos-verte-en-la-iba\/\" \/>\n<meta property=\"og:site_name\" content=\"OVA projects\" \/>\n<meta property=\"article:published_time\" content=\"2022-11-07T21:52:44+00:00\" \/>\n<meta property=\"article:modified_time\" content=\"2023-05-02T14:47:41+00:00\" \/>\n<meta property=\"og:image\" content=\"https:\/\/www.ovaprojects.com\/wp-content\/uploads\/2022\/11\/iba-2023-munchen.jpg\" \/>\n\t<meta property=\"og:image:width\" content=\"1000\" \/>\n\t<meta property=\"og:image:height\" content=\"633\" \/>\n\t<meta property=\"og:image:type\" content=\"image\/jpeg\" \/>\n<meta name=\"author\" content=\"Sarah Vallortigara\" \/>\n<meta name=\"twitter:card\" content=\"summary_large_image\" \/>\n<meta name=\"twitter:label1\" content=\"Escrito por\" \/>\n\t<meta name=\"twitter:data1\" content=\"Sarah Vallortigara\" \/>\n\t<meta name=\"twitter:label2\" content=\"Tiempo de lectura\" \/>\n\t<meta name=\"twitter:data2\" content=\"1 minuto\" \/>\n<script type=\"application\/ld+json\" class=\"yoast-schema-graph\">{\"@context\":\"https:\/\/schema.org\",\"@graph\":[{\"@type\":\"Article\",\"@id\":\"https:\/\/www.ovaprojects.com\/es\/news-media-es\/octubre-de-2023-munich-esperamos-verte-en-la-iba\/#article\",\"isPartOf\":{\"@id\":\"https:\/\/www.ovaprojects.com\/es\/news-media-es\/octubre-de-2023-munich-esperamos-verte-en-la-iba\/\"},\"author\":{\"name\":\"Sarah Vallortigara\",\"@id\":\"https:\/\/www.ovaprojects.com\/es\/#\/schema\/person\/bd6b4e42bf448abac768aac1bb61529e\"},\"headline\":\"Octubre de 2023, M\u00fanich: esperamos verte en la IBA\",\"datePublished\":\"2022-11-07T21:52:44+00:00\",\"dateModified\":\"2023-05-02T14:47:41+00:00\",\"mainEntityOfPage\":{\"@id\":\"https:\/\/www.ovaprojects.com\/es\/news-media-es\/octubre-de-2023-munich-esperamos-verte-en-la-iba\/\"},\"wordCount\":130,\"publisher\":{\"@id\":\"https:\/\/www.ovaprojects.com\/es\/#organization\"},\"image\":{\"@id\":\"https:\/\/www.ovaprojects.com\/es\/news-media-es\/octubre-de-2023-munich-esperamos-verte-en-la-iba\/#primaryimage\"},\"thumbnailUrl\":\"https:\/\/www.ovaprojects.com\/wp-content\/uploads\/2022\/11\/iba-2023-munchen.jpg\",\"articleSection\":[\"Exposiciones\",\"News &amp; Media\"],\"inLanguage\":\"es\"},{\"@type\":\"WebPage\",\"@id\":\"https:\/\/www.ovaprojects.com\/es\/news-media-es\/octubre-de-2023-munich-esperamos-verte-en-la-iba\/\",\"url\":\"https:\/\/www.ovaprojects.com\/es\/news-media-es\/octubre-de-2023-munich-esperamos-verte-en-la-iba\/\",\"name\":\"Octubre de 2023, M\u00fanich: esperamos verte en la IBA - OVA projects\",\"isPartOf\":{\"@id\":\"https:\/\/www.ovaprojects.com\/es\/#website\"},\"primaryImageOfPage\":{\"@id\":\"https:\/\/www.ovaprojects.com\/es\/news-media-es\/octubre-de-2023-munich-esperamos-verte-en-la-iba\/#primaryimage\"},\"image\":{\"@id\":\"https:\/\/www.ovaprojects.com\/es\/news-media-es\/octubre-de-2023-munich-esperamos-verte-en-la-iba\/#primaryimage\"},\"thumbnailUrl\":\"https:\/\/www.ovaprojects.com\/wp-content\/uploads\/2022\/11\/iba-2023-munchen.jpg\",\"datePublished\":\"2022-11-07T21:52:44+00:00\",\"dateModified\":\"2023-05-02T14:47:41+00:00\",\"breadcrumb\":{\"@id\":\"https:\/\/www.ovaprojects.com\/es\/news-media-es\/octubre-de-2023-munich-esperamos-verte-en-la-iba\/#breadcrumb\"},\"inLanguage\":\"es\",\"potentialAction\":[{\"@type\":\"ReadAction\",\"target\":[\"https:\/\/www.ovaprojects.com\/es\/news-media-es\/octubre-de-2023-munich-esperamos-verte-en-la-iba\/\"]}]},{\"@type\":\"ImageObject\",\"inLanguage\":\"es\",\"@id\":\"https:\/\/www.ovaprojects.com\/es\/news-media-es\/octubre-de-2023-munich-esperamos-verte-en-la-iba\/#primaryimage\",\"url\":\"https:\/\/www.ovaprojects.com\/wp-content\/uploads\/2022\/11\/iba-2023-munchen.jpg\",\"contentUrl\":\"https:\/\/www.ovaprojects.com\/wp-content\/uploads\/2022\/11\/iba-2023-munchen.jpg\",\"width\":1000,\"height\":633,\"caption\":\"IBA 2023 - MUNCHEN\"},{\"@type\":\"BreadcrumbList\",\"@id\":\"https:\/\/www.ovaprojects.com\/es\/news-media-es\/octubre-de-2023-munich-esperamos-verte-en-la-iba\/#breadcrumb\",\"itemListElement\":[{\"@type\":\"ListItem\",\"position\":1,\"name\":\"Home\",\"item\":\"https:\/\/www.ovaprojects.com\/es\/\"},{\"@type\":\"ListItem\",\"position\":2,\"name\":\"News &amp; Media\",\"item\":\"https:\/\/www.ovaprojects.com\/es\/categoria\/news-media-es\/\"},{\"@type\":\"ListItem\",\"position\":3,\"name\":\"Octubre de 2023, M\u00fanich: esperamos verte en la IBA\"}]},{\"@type\":\"WebSite\",\"@id\":\"https:\/\/www.ovaprojects.com\/es\/#website\",\"url\":\"https:\/\/www.ovaprojects.com\/es\/\",\"name\":\"OVA projects\",\"description\":\"dosing and filling technology\",\"publisher\":{\"@id\":\"https:\/\/www.ovaprojects.com\/es\/#organization\"},\"potentialAction\":[{\"@type\":\"SearchAction\",\"target\":{\"@type\":\"EntryPoint\",\"urlTemplate\":\"https:\/\/www.ovaprojects.com\/es\/?s={search_term_string}\"},\"query-input\":{\"@type\":\"PropertyValueSpecification\",\"valueRequired\":true,\"valueName\":\"search_term_string\"}}],\"inLanguage\":\"es\"},{\"@type\":\"Organization\",\"@id\":\"https:\/\/www.ovaprojects.com\/es\/#organization\",\"name\":\"OVA projects\",\"url\":\"https:\/\/www.ovaprojects.com\/es\/\",\"logo\":{\"@type\":\"ImageObject\",\"inLanguage\":\"es\",\"@id\":\"https:\/\/www.ovaprojects.com\/es\/#\/schema\/logo\/image\/\",\"url\":\"https:\/\/www.ovaprojects.com\/wp-content\/uploads\/2022\/03\/logo-ova-projects.png\",\"contentUrl\":\"https:\/\/www.ovaprojects.com\/wp-content\/uploads\/2022\/03\/logo-ova-projects.png\",\"width\":512,\"height\":246,\"caption\":\"OVA projects\"},\"image\":{\"@id\":\"https:\/\/www.ovaprojects.com\/es\/#\/schema\/logo\/image\/\"}},{\"@type\":\"Person\",\"@id\":\"https:\/\/www.ovaprojects.com\/es\/#\/schema\/person\/bd6b4e42bf448abac768aac1bb61529e\",\"name\":\"Sarah Vallortigara\",\"sameAs\":[\"https:\/\/www.ovaprojects.com\"]}]}<\/script>\n<!-- \/ Yoast SEO plugin. -->","yoast_head_json":{"title":"Octubre de 2023, M\u00fanich: esperamos verte en la IBA - OVA projects","robots":{"index":"index","follow":"follow","max-snippet":"max-snippet:-1","max-image-preview":"max-image-preview:large","max-video-preview":"max-video-preview:-1"},"canonical":"https:\/\/www.ovaprojects.com\/es\/news-media-es\/octubre-de-2023-munich-esperamos-verte-en-la-iba\/","og_locale":"es_ES","og_type":"article","og_title":"Octubre de 2023, M\u00fanich: esperamos verte en la IBA - OVA projects","og_description":"IBA es la exposici\u00f3n internacional trienal dedicada al mercado de productos de panader\u00eda, que ofrece todos los productos de panader\u00eda y pasteler\u00eda. Quien visita la Exposici\u00f3n encuentra la \u00faltima tecnolog\u00eda dedicada y los mejores ingredientes para productos de panader\u00eda, mezcladores, hornos, equipamiento de tiendas, veh\u00edculos y programas DP para artesanos y la industria de la [&hellip;]","og_url":"https:\/\/www.ovaprojects.com\/es\/news-media-es\/octubre-de-2023-munich-esperamos-verte-en-la-iba\/","og_site_name":"OVA projects","article_published_time":"2022-11-07T21:52:44+00:00","article_modified_time":"2023-05-02T14:47:41+00:00","og_image":[{"width":1000,"height":633,"url":"https:\/\/www.ovaprojects.com\/wp-content\/uploads\/2022\/11\/iba-2023-munchen.jpg","type":"image\/jpeg"}],"author":"Sarah Vallortigara","twitter_card":"summary_large_image","twitter_misc":{"Escrito por":"Sarah Vallortigara","Tiempo de lectura":"1 minuto"},"schema":{"@context":"https:\/\/schema.org","@graph":[{"@type":"Article","@id":"https:\/\/www.ovaprojects.com\/es\/news-media-es\/octubre-de-2023-munich-esperamos-verte-en-la-iba\/#article","isPartOf":{"@id":"https:\/\/www.ovaprojects.com\/es\/news-media-es\/octubre-de-2023-munich-esperamos-verte-en-la-iba\/"},"author":{"name":"Sarah Vallortigara","@id":"https:\/\/www.ovaprojects.com\/es\/#\/schema\/person\/bd6b4e42bf448abac768aac1bb61529e"},"headline":"Octubre de 2023, M\u00fanich: esperamos verte en la IBA","datePublished":"2022-11-07T21:52:44+00:00","dateModified":"2023-05-02T14:47:41+00:00","mainEntityOfPage":{"@id":"https:\/\/www.ovaprojects.com\/es\/news-media-es\/octubre-de-2023-munich-esperamos-verte-en-la-iba\/"},"wordCount":130,"publisher":{"@id":"https:\/\/www.ovaprojects.com\/es\/#organization"},"image":{"@id":"https:\/\/www.ovaprojects.com\/es\/news-media-es\/octubre-de-2023-munich-esperamos-verte-en-la-iba\/#primaryimage"},"thumbnailUrl":"https:\/\/www.ovaprojects.com\/wp-content\/uploads\/2022\/11\/iba-2023-munchen.jpg","articleSection":["Exposiciones","News &amp; Media"],"inLanguage":"es"},{"@type":"WebPage","@id":"https:\/\/www.ovaprojects.com\/es\/news-media-es\/octubre-de-2023-munich-esperamos-verte-en-la-iba\/","url":"https:\/\/www.ovaprojects.com\/es\/news-media-es\/octubre-de-2023-munich-esperamos-verte-en-la-iba\/","name":"Octubre de 2023, M\u00fanich: esperamos verte en la IBA - OVA projects","isPartOf":{"@id":"https:\/\/www.ovaprojects.com\/es\/#website"},"primaryImageOfPage":{"@id":"https:\/\/www.ovaprojects.com\/es\/news-media-es\/octubre-de-2023-munich-esperamos-verte-en-la-iba\/#primaryimage"},"image":{"@id":"https:\/\/www.ovaprojects.com\/es\/news-media-es\/octubre-de-2023-munich-esperamos-verte-en-la-iba\/#primaryimage"},"thumbnailUrl":"https:\/\/www.ovaprojects.com\/wp-content\/uploads\/2022\/11\/iba-2023-munchen.jpg","datePublished":"2022-11-07T21:52:44+00:00","dateModified":"2023-05-02T14:47:41+00:00","breadcrumb":{"@id":"https:\/\/www.ovaprojects.com\/es\/news-media-es\/octubre-de-2023-munich-esperamos-verte-en-la-iba\/#breadcrumb"},"inLanguage":"es","potentialAction":[{"@type":"ReadAction","target":["https:\/\/www.ovaprojects.com\/es\/news-media-es\/octubre-de-2023-munich-esperamos-verte-en-la-iba\/"]}]},{"@type":"ImageObject","inLanguage":"es","@id":"https:\/\/www.ovaprojects.com\/es\/news-media-es\/octubre-de-2023-munich-esperamos-verte-en-la-iba\/#primaryimage","url":"https:\/\/www.ovaprojects.com\/wp-content\/uploads\/2022\/11\/iba-2023-munchen.jpg","contentUrl":"https:\/\/www.ovaprojects.com\/wp-content\/uploads\/2022\/11\/iba-2023-munchen.jpg","width":1000,"height":633,"caption":"IBA 2023 - MUNCHEN"},{"@type":"BreadcrumbList","@id":"https:\/\/www.ovaprojects.com\/es\/news-media-es\/octubre-de-2023-munich-esperamos-verte-en-la-iba\/#breadcrumb","itemListElement":[{"@type":"ListItem","position":1,"name":"Home","item":"https:\/\/www.ovaprojects.com\/es\/"},{"@type":"ListItem","position":2,"name":"News &amp; Media","item":"https:\/\/www.ovaprojects.com\/es\/categoria\/news-media-es\/"},{"@type":"ListItem","position":3,"name":"Octubre de 2023, M\u00fanich: esperamos verte en la IBA"}]},{"@type":"WebSite","@id":"https:\/\/www.ovaprojects.com\/es\/#website","url":"https:\/\/www.ovaprojects.com\/es\/","name":"OVA projects","description":"dosing and filling technology","publisher":{"@id":"https:\/\/www.ovaprojects.com\/es\/#organization"},"potentialAction":[{"@type":"SearchAction","target":{"@type":"EntryPoint","urlTemplate":"https:\/\/www.ovaprojects.com\/es\/?s={search_term_string}"},"query-input":{"@type":"PropertyValueSpecification","valueRequired":true,"valueName":"search_term_string"}}],"inLanguage":"es"},{"@type":"Organization","@id":"https:\/\/www.ovaprojects.com\/es\/#organization","name":"OVA projects","url":"https:\/\/www.ovaprojects.com\/es\/","logo":{"@type":"ImageObject","inLanguage":"es","@id":"https:\/\/www.ovaprojects.com\/es\/#\/schema\/logo\/image\/","url":"https:\/\/www.ovaprojects.com\/wp-content\/uploads\/2022\/03\/logo-ova-projects.png","contentUrl":"https:\/\/www.ovaprojects.com\/wp-content\/uploads\/2022\/03\/logo-ova-projects.png","width":512,"height":246,"caption":"OVA projects"},"image":{"@id":"https:\/\/www.ovaprojects.com\/es\/#\/schema\/logo\/image\/"}},{"@type":"Person","@id":"https:\/\/www.ovaprojects.com\/es\/#\/schema\/person\/bd6b4e42bf448abac768aac1bb61529e","name":"Sarah Vallortigara","sameAs":["https:\/\/www.ovaprojects.com"]}]}},"_links":{"self":[{"href":"https:\/\/www.ovaprojects.com\/es\/wp-json\/wp\/v2\/posts\/5900","targetHints":{"allow":["GET"]}}],"collection":[{"href":"https:\/\/www.ovaprojects.com\/es\/wp-json\/wp\/v2\/posts"}],"about":[{"href":"https:\/\/www.ovaprojects.com\/es\/wp-json\/wp\/v2\/types\/post"}],"author":[{"embeddable":true,"href":"https:\/\/www.ovaprojects.com\/es\/wp-json\/wp\/v2\/users\/4"}],"replies":[{"embeddable":true,"href":"https:\/\/www.ovaprojects.com\/es\/wp-json\/wp\/v2\/comments?post=5900"}],"version-history":[{"count":0,"href":"https:\/\/www.ovaprojects.com\/es\/wp-json\/wp\/v2\/posts\/5900\/revisions"}],"wp:featuredmedia":[{"embeddable":true,"href":"https:\/\/www.ovaprojects.com\/es\/wp-json\/wp\/v2\/media\/5818"}],"wp:attachment":[{"href":"https:\/\/www.ovaprojects.com\/es\/wp-json\/wp\/v2\/media?parent=5900"}],"wp:term":[{"taxonomy":"category","embeddable":true,"href":"https:\/\/www.ovaprojects.com\/es\/wp-json\/wp\/v2\/categories?post=5900"},{"taxonomy":"post_tag","embeddable":true,"href":"https:\/\/www.ovaprojects.com\/es\/wp-json\/wp\/v2\/tags?post=5900"}],"curies":[{"name":"wp","href":"https:\/\/api.w.org\/{rel}","templated":true}]}}