{"id":5892,"date":"2022-11-07T22:59:04","date_gmt":"2022-11-07T21:59:04","guid":{"rendered":"https:\/\/www.ovaprojects.com\/news-media-es\/news-es\/maggio-2023-dusseldorf-vi-aspettiamo-allinterpack\/"},"modified":"2023-05-02T16:47:41","modified_gmt":"2023-05-02T14:47:41","slug":"mayo-de-2023-dusseldorf-esperamos-verle-en-interpack","status":"publish","type":"post","link":"https:\/\/www.ovaprojects.com\/es\/news-media-es\/mayo-de-2023-dusseldorf-esperamos-verle-en-interpack\/","title":{"rendered":"Mayo de 2023, D\u00fcsseldorf: esperamos verle en INTERPACK"},"content":{"rendered":"<p>Es la feria internacional de m\u00e1quinas y productos de embalaje. Exponen fabricantes de m\u00e1quinas y dispositivos de embalaje, fabricantes de materiales de embalaje, productos de embalaje y auxiliares, fabricantes de m\u00e1quinas para la producci\u00f3n de dulces, fabricantes de m\u00e1quinas para productos de panader\u00eda, snacks y cereales, fabricantes de m\u00e1quinas para la producci\u00f3n de otros alimentos, fabricantes de m\u00e1quinas para la producci\u00f3n de productos farmac\u00e9uticos y cosm\u00e9ticos, servicios.<\/p>\n<p><strong>Interpack tambi\u00e9n aspira a ser la feria comercial internacional l\u00edder en el sector del embalaje y la industria de procesos relacionados en 2023 y lo subraya con el nuevo slogan \u00abSimply Unique\u00bb, que \u00faltimamente caracteriza la imagen de marca.<\/strong><\/p>\n<p>\u00abLa singularidad de la interpack se debe sobre todo a la variedad \u00fanica de la oferta de sus expositores, pero se completa con sus temas especiales que abordan las tendencias de los pr\u00f3ximos a\u00f1os. En 2023, la sostenibilidad en todas sus facetas ser\u00e1 a\u00fan m\u00e1s importante que en a\u00f1os anteriores, por lo que abordaran este tema en cooperaci\u00f3n con sus partners. Adem\u00e1s de las importantes ofertas presenciales, tambi\u00e9n habr\u00e1 ofertas digitales\u201d.<\/p>\n","protected":false},"excerpt":{"rendered":"<p>Es la feria internacional de m\u00e1quinas y productos de embalaje. Exponen fabricantes de m\u00e1quinas y dispositivos de embalaje, fabricantes de materiales de embalaje, productos de embalaje y auxiliares, fabricantes de m\u00e1quinas para la producci\u00f3n de dulces, fabricantes de m\u00e1quinas para productos de panader\u00eda, snacks y cereales, fabricantes de m\u00e1quinas para la producci\u00f3n de otros alimentos, [&hellip;]<\/p>\n","protected":false},"author":4,"featured_media":5823,"comment_status":"closed","ping_status":"closed","sticky":false,"template":"","format":"standard","meta":{"_acf_changed":false,"footnotes":""},"categories":[85,88],"tags":[],"class_list":["post-5892","post","type-post","status-publish","format-standard","has-post-thumbnail","hentry","category-exposiciones","category-news-media-es"],"acf":[],"yoast_head":"<!-- This site is optimized with the Yoast SEO plugin v23.5 - https:\/\/yoast.com\/wordpress\/plugins\/seo\/ -->\n<title>Mayo de 2023, D\u00fcsseldorf: esperamos verle en INTERPACK - OVA projects<\/title>\n<meta name=\"robots\" content=\"index, follow, max-snippet:-1, max-image-preview:large, max-video-preview:-1\" \/>\n<link rel=\"canonical\" href=\"https:\/\/www.ovaprojects.com\/es\/news-media-es\/mayo-de-2023-dusseldorf-esperamos-verle-en-interpack\/\" \/>\n<meta property=\"og:locale\" content=\"es_ES\" \/>\n<meta property=\"og:type\" content=\"article\" \/>\n<meta property=\"og:title\" content=\"Mayo de 2023, D\u00fcsseldorf: esperamos verle en INTERPACK - OVA projects\" \/>\n<meta property=\"og:description\" content=\"Es la feria internacional de m\u00e1quinas y productos de embalaje. Exponen fabricantes de m\u00e1quinas y dispositivos de embalaje, fabricantes de materiales de embalaje, productos de embalaje y auxiliares, fabricantes de m\u00e1quinas para la producci\u00f3n de dulces, fabricantes de m\u00e1quinas para productos de panader\u00eda, snacks y cereales, fabricantes de m\u00e1quinas para la producci\u00f3n de otros alimentos, [&hellip;]\" \/>\n<meta property=\"og:url\" content=\"https:\/\/www.ovaprojects.com\/es\/news-media-es\/mayo-de-2023-dusseldorf-esperamos-verle-en-interpack\/\" \/>\n<meta property=\"og:site_name\" content=\"OVA projects\" \/>\n<meta property=\"article:published_time\" content=\"2022-11-07T21:59:04+00:00\" \/>\n<meta property=\"article:modified_time\" content=\"2023-05-02T14:47:41+00:00\" \/>\n<meta property=\"og:image\" content=\"https:\/\/www.ovaprojects.com\/wp-content\/uploads\/2022\/11\/interpack-simply-unique-2023-dusseldorf.jpg\" \/>\n\t<meta property=\"og:image:width\" content=\"1000\" \/>\n\t<meta property=\"og:image:height\" content=\"633\" \/>\n\t<meta property=\"og:image:type\" content=\"image\/jpeg\" \/>\n<meta name=\"author\" content=\"Sarah Vallortigara\" \/>\n<meta name=\"twitter:card\" content=\"summary_large_image\" \/>\n<meta name=\"twitter:label1\" content=\"Escrito por\" \/>\n\t<meta name=\"twitter:data1\" content=\"Sarah Vallortigara\" \/>\n\t<meta name=\"twitter:label2\" content=\"Tiempo de lectura\" \/>\n\t<meta name=\"twitter:data2\" content=\"1 minuto\" \/>\n<script type=\"application\/ld+json\" class=\"yoast-schema-graph\">{\"@context\":\"https:\/\/schema.org\",\"@graph\":[{\"@type\":\"Article\",\"@id\":\"https:\/\/www.ovaprojects.com\/es\/news-media-es\/mayo-de-2023-dusseldorf-esperamos-verle-en-interpack\/#article\",\"isPartOf\":{\"@id\":\"https:\/\/www.ovaprojects.com\/es\/news-media-es\/mayo-de-2023-dusseldorf-esperamos-verle-en-interpack\/\"},\"author\":{\"name\":\"Sarah Vallortigara\",\"@id\":\"https:\/\/www.ovaprojects.com\/es\/#\/schema\/person\/bd6b4e42bf448abac768aac1bb61529e\"},\"headline\":\"Mayo de 2023, D\u00fcsseldorf: esperamos verle en INTERPACK\",\"datePublished\":\"2022-11-07T21:59:04+00:00\",\"dateModified\":\"2023-05-02T14:47:41+00:00\",\"mainEntityOfPage\":{\"@id\":\"https:\/\/www.ovaprojects.com\/es\/news-media-es\/mayo-de-2023-dusseldorf-esperamos-verle-en-interpack\/\"},\"wordCount\":205,\"publisher\":{\"@id\":\"https:\/\/www.ovaprojects.com\/es\/#organization\"},\"image\":{\"@id\":\"https:\/\/www.ovaprojects.com\/es\/news-media-es\/mayo-de-2023-dusseldorf-esperamos-verle-en-interpack\/#primaryimage\"},\"thumbnailUrl\":\"https:\/\/www.ovaprojects.com\/wp-content\/uploads\/2022\/11\/interpack-simply-unique-2023-dusseldorf.jpg\",\"articleSection\":[\"Exposiciones\",\"News &amp; Media\"],\"inLanguage\":\"es\"},{\"@type\":\"WebPage\",\"@id\":\"https:\/\/www.ovaprojects.com\/es\/news-media-es\/mayo-de-2023-dusseldorf-esperamos-verle-en-interpack\/\",\"url\":\"https:\/\/www.ovaprojects.com\/es\/news-media-es\/mayo-de-2023-dusseldorf-esperamos-verle-en-interpack\/\",\"name\":\"Mayo de 2023, D\u00fcsseldorf: esperamos verle en INTERPACK - OVA projects\",\"isPartOf\":{\"@id\":\"https:\/\/www.ovaprojects.com\/es\/#website\"},\"primaryImageOfPage\":{\"@id\":\"https:\/\/www.ovaprojects.com\/es\/news-media-es\/mayo-de-2023-dusseldorf-esperamos-verle-en-interpack\/#primaryimage\"},\"image\":{\"@id\":\"https:\/\/www.ovaprojects.com\/es\/news-media-es\/mayo-de-2023-dusseldorf-esperamos-verle-en-interpack\/#primaryimage\"},\"thumbnailUrl\":\"https:\/\/www.ovaprojects.com\/wp-content\/uploads\/2022\/11\/interpack-simply-unique-2023-dusseldorf.jpg\",\"datePublished\":\"2022-11-07T21:59:04+00:00\",\"dateModified\":\"2023-05-02T14:47:41+00:00\",\"breadcrumb\":{\"@id\":\"https:\/\/www.ovaprojects.com\/es\/news-media-es\/mayo-de-2023-dusseldorf-esperamos-verle-en-interpack\/#breadcrumb\"},\"inLanguage\":\"es\",\"potentialAction\":[{\"@type\":\"ReadAction\",\"target\":[\"https:\/\/www.ovaprojects.com\/es\/news-media-es\/mayo-de-2023-dusseldorf-esperamos-verle-en-interpack\/\"]}]},{\"@type\":\"ImageObject\",\"inLanguage\":\"es\",\"@id\":\"https:\/\/www.ovaprojects.com\/es\/news-media-es\/mayo-de-2023-dusseldorf-esperamos-verle-en-interpack\/#primaryimage\",\"url\":\"https:\/\/www.ovaprojects.com\/wp-content\/uploads\/2022\/11\/interpack-simply-unique-2023-dusseldorf.jpg\",\"contentUrl\":\"https:\/\/www.ovaprojects.com\/wp-content\/uploads\/2022\/11\/interpack-simply-unique-2023-dusseldorf.jpg\",\"width\":1000,\"height\":633,\"caption\":\"INTERPACK - Simply Unique - 2023 Dusseldorf\"},{\"@type\":\"BreadcrumbList\",\"@id\":\"https:\/\/www.ovaprojects.com\/es\/news-media-es\/mayo-de-2023-dusseldorf-esperamos-verle-en-interpack\/#breadcrumb\",\"itemListElement\":[{\"@type\":\"ListItem\",\"position\":1,\"name\":\"Home\",\"item\":\"https:\/\/www.ovaprojects.com\/es\/\"},{\"@type\":\"ListItem\",\"position\":2,\"name\":\"News &amp; Media\",\"item\":\"https:\/\/www.ovaprojects.com\/es\/categoria\/news-media-es\/\"},{\"@type\":\"ListItem\",\"position\":3,\"name\":\"Mayo de 2023, D\u00fcsseldorf: esperamos verle en INTERPACK\"}]},{\"@type\":\"WebSite\",\"@id\":\"https:\/\/www.ovaprojects.com\/es\/#website\",\"url\":\"https:\/\/www.ovaprojects.com\/es\/\",\"name\":\"OVA projects\",\"description\":\"dosing and filling technology\",\"publisher\":{\"@id\":\"https:\/\/www.ovaprojects.com\/es\/#organization\"},\"potentialAction\":[{\"@type\":\"SearchAction\",\"target\":{\"@type\":\"EntryPoint\",\"urlTemplate\":\"https:\/\/www.ovaprojects.com\/es\/?s={search_term_string}\"},\"query-input\":{\"@type\":\"PropertyValueSpecification\",\"valueRequired\":true,\"valueName\":\"search_term_string\"}}],\"inLanguage\":\"es\"},{\"@type\":\"Organization\",\"@id\":\"https:\/\/www.ovaprojects.com\/es\/#organization\",\"name\":\"OVA projects\",\"url\":\"https:\/\/www.ovaprojects.com\/es\/\",\"logo\":{\"@type\":\"ImageObject\",\"inLanguage\":\"es\",\"@id\":\"https:\/\/www.ovaprojects.com\/es\/#\/schema\/logo\/image\/\",\"url\":\"https:\/\/www.ovaprojects.com\/wp-content\/uploads\/2022\/03\/logo-ova-projects.png\",\"contentUrl\":\"https:\/\/www.ovaprojects.com\/wp-content\/uploads\/2022\/03\/logo-ova-projects.png\",\"width\":512,\"height\":246,\"caption\":\"OVA projects\"},\"image\":{\"@id\":\"https:\/\/www.ovaprojects.com\/es\/#\/schema\/logo\/image\/\"}},{\"@type\":\"Person\",\"@id\":\"https:\/\/www.ovaprojects.com\/es\/#\/schema\/person\/bd6b4e42bf448abac768aac1bb61529e\",\"name\":\"Sarah Vallortigara\",\"sameAs\":[\"https:\/\/www.ovaprojects.com\"]}]}<\/script>\n<!-- \/ Yoast SEO plugin. -->","yoast_head_json":{"title":"Mayo de 2023, D\u00fcsseldorf: esperamos verle en INTERPACK - OVA projects","robots":{"index":"index","follow":"follow","max-snippet":"max-snippet:-1","max-image-preview":"max-image-preview:large","max-video-preview":"max-video-preview:-1"},"canonical":"https:\/\/www.ovaprojects.com\/es\/news-media-es\/mayo-de-2023-dusseldorf-esperamos-verle-en-interpack\/","og_locale":"es_ES","og_type":"article","og_title":"Mayo de 2023, D\u00fcsseldorf: esperamos verle en INTERPACK - OVA projects","og_description":"Es la feria internacional de m\u00e1quinas y productos de embalaje. Exponen fabricantes de m\u00e1quinas y dispositivos de embalaje, fabricantes de materiales de embalaje, productos de embalaje y auxiliares, fabricantes de m\u00e1quinas para la producci\u00f3n de dulces, fabricantes de m\u00e1quinas para productos de panader\u00eda, snacks y cereales, fabricantes de m\u00e1quinas para la producci\u00f3n de otros alimentos, [&hellip;]","og_url":"https:\/\/www.ovaprojects.com\/es\/news-media-es\/mayo-de-2023-dusseldorf-esperamos-verle-en-interpack\/","og_site_name":"OVA projects","article_published_time":"2022-11-07T21:59:04+00:00","article_modified_time":"2023-05-02T14:47:41+00:00","og_image":[{"width":1000,"height":633,"url":"https:\/\/www.ovaprojects.com\/wp-content\/uploads\/2022\/11\/interpack-simply-unique-2023-dusseldorf.jpg","type":"image\/jpeg"}],"author":"Sarah Vallortigara","twitter_card":"summary_large_image","twitter_misc":{"Escrito por":"Sarah Vallortigara","Tiempo de lectura":"1 minuto"},"schema":{"@context":"https:\/\/schema.org","@graph":[{"@type":"Article","@id":"https:\/\/www.ovaprojects.com\/es\/news-media-es\/mayo-de-2023-dusseldorf-esperamos-verle-en-interpack\/#article","isPartOf":{"@id":"https:\/\/www.ovaprojects.com\/es\/news-media-es\/mayo-de-2023-dusseldorf-esperamos-verle-en-interpack\/"},"author":{"name":"Sarah Vallortigara","@id":"https:\/\/www.ovaprojects.com\/es\/#\/schema\/person\/bd6b4e42bf448abac768aac1bb61529e"},"headline":"Mayo de 2023, D\u00fcsseldorf: esperamos verle en INTERPACK","datePublished":"2022-11-07T21:59:04+00:00","dateModified":"2023-05-02T14:47:41+00:00","mainEntityOfPage":{"@id":"https:\/\/www.ovaprojects.com\/es\/news-media-es\/mayo-de-2023-dusseldorf-esperamos-verle-en-interpack\/"},"wordCount":205,"publisher":{"@id":"https:\/\/www.ovaprojects.com\/es\/#organization"},"image":{"@id":"https:\/\/www.ovaprojects.com\/es\/news-media-es\/mayo-de-2023-dusseldorf-esperamos-verle-en-interpack\/#primaryimage"},"thumbnailUrl":"https:\/\/www.ovaprojects.com\/wp-content\/uploads\/2022\/11\/interpack-simply-unique-2023-dusseldorf.jpg","articleSection":["Exposiciones","News &amp; Media"],"inLanguage":"es"},{"@type":"WebPage","@id":"https:\/\/www.ovaprojects.com\/es\/news-media-es\/mayo-de-2023-dusseldorf-esperamos-verle-en-interpack\/","url":"https:\/\/www.ovaprojects.com\/es\/news-media-es\/mayo-de-2023-dusseldorf-esperamos-verle-en-interpack\/","name":"Mayo de 2023, D\u00fcsseldorf: esperamos verle en INTERPACK - OVA projects","isPartOf":{"@id":"https:\/\/www.ovaprojects.com\/es\/#website"},"primaryImageOfPage":{"@id":"https:\/\/www.ovaprojects.com\/es\/news-media-es\/mayo-de-2023-dusseldorf-esperamos-verle-en-interpack\/#primaryimage"},"image":{"@id":"https:\/\/www.ovaprojects.com\/es\/news-media-es\/mayo-de-2023-dusseldorf-esperamos-verle-en-interpack\/#primaryimage"},"thumbnailUrl":"https:\/\/www.ovaprojects.com\/wp-content\/uploads\/2022\/11\/interpack-simply-unique-2023-dusseldorf.jpg","datePublished":"2022-11-07T21:59:04+00:00","dateModified":"2023-05-02T14:47:41+00:00","breadcrumb":{"@id":"https:\/\/www.ovaprojects.com\/es\/news-media-es\/mayo-de-2023-dusseldorf-esperamos-verle-en-interpack\/#breadcrumb"},"inLanguage":"es","potentialAction":[{"@type":"ReadAction","target":["https:\/\/www.ovaprojects.com\/es\/news-media-es\/mayo-de-2023-dusseldorf-esperamos-verle-en-interpack\/"]}]},{"@type":"ImageObject","inLanguage":"es","@id":"https:\/\/www.ovaprojects.com\/es\/news-media-es\/mayo-de-2023-dusseldorf-esperamos-verle-en-interpack\/#primaryimage","url":"https:\/\/www.ovaprojects.com\/wp-content\/uploads\/2022\/11\/interpack-simply-unique-2023-dusseldorf.jpg","contentUrl":"https:\/\/www.ovaprojects.com\/wp-content\/uploads\/2022\/11\/interpack-simply-unique-2023-dusseldorf.jpg","width":1000,"height":633,"caption":"INTERPACK - Simply Unique - 2023 Dusseldorf"},{"@type":"BreadcrumbList","@id":"https:\/\/www.ovaprojects.com\/es\/news-media-es\/mayo-de-2023-dusseldorf-esperamos-verle-en-interpack\/#breadcrumb","itemListElement":[{"@type":"ListItem","position":1,"name":"Home","item":"https:\/\/www.ovaprojects.com\/es\/"},{"@type":"ListItem","position":2,"name":"News &amp; Media","item":"https:\/\/www.ovaprojects.com\/es\/categoria\/news-media-es\/"},{"@type":"ListItem","position":3,"name":"Mayo de 2023, D\u00fcsseldorf: esperamos verle en INTERPACK"}]},{"@type":"WebSite","@id":"https:\/\/www.ovaprojects.com\/es\/#website","url":"https:\/\/www.ovaprojects.com\/es\/","name":"OVA projects","description":"dosing and filling technology","publisher":{"@id":"https:\/\/www.ovaprojects.com\/es\/#organization"},"potentialAction":[{"@type":"SearchAction","target":{"@type":"EntryPoint","urlTemplate":"https:\/\/www.ovaprojects.com\/es\/?s={search_term_string}"},"query-input":{"@type":"PropertyValueSpecification","valueRequired":true,"valueName":"search_term_string"}}],"inLanguage":"es"},{"@type":"Organization","@id":"https:\/\/www.ovaprojects.com\/es\/#organization","name":"OVA projects","url":"https:\/\/www.ovaprojects.com\/es\/","logo":{"@type":"ImageObject","inLanguage":"es","@id":"https:\/\/www.ovaprojects.com\/es\/#\/schema\/logo\/image\/","url":"https:\/\/www.ovaprojects.com\/wp-content\/uploads\/2022\/03\/logo-ova-projects.png","contentUrl":"https:\/\/www.ovaprojects.com\/wp-content\/uploads\/2022\/03\/logo-ova-projects.png","width":512,"height":246,"caption":"OVA projects"},"image":{"@id":"https:\/\/www.ovaprojects.com\/es\/#\/schema\/logo\/image\/"}},{"@type":"Person","@id":"https:\/\/www.ovaprojects.com\/es\/#\/schema\/person\/bd6b4e42bf448abac768aac1bb61529e","name":"Sarah Vallortigara","sameAs":["https:\/\/www.ovaprojects.com"]}]}},"_links":{"self":[{"href":"https:\/\/www.ovaprojects.com\/es\/wp-json\/wp\/v2\/posts\/5892","targetHints":{"allow":["GET"]}}],"collection":[{"href":"https:\/\/www.ovaprojects.com\/es\/wp-json\/wp\/v2\/posts"}],"about":[{"href":"https:\/\/www.ovaprojects.com\/es\/wp-json\/wp\/v2\/types\/post"}],"author":[{"embeddable":true,"href":"https:\/\/www.ovaprojects.com\/es\/wp-json\/wp\/v2\/users\/4"}],"replies":[{"embeddable":true,"href":"https:\/\/www.ovaprojects.com\/es\/wp-json\/wp\/v2\/comments?post=5892"}],"version-history":[{"count":0,"href":"https:\/\/www.ovaprojects.com\/es\/wp-json\/wp\/v2\/posts\/5892\/revisions"}],"wp:featuredmedia":[{"embeddable":true,"href":"https:\/\/www.ovaprojects.com\/es\/wp-json\/wp\/v2\/media\/5823"}],"wp:attachment":[{"href":"https:\/\/www.ovaprojects.com\/es\/wp-json\/wp\/v2\/media?parent=5892"}],"wp:term":[{"taxonomy":"category","embeddable":true,"href":"https:\/\/www.ovaprojects.com\/es\/wp-json\/wp\/v2\/categories?post=5892"},{"taxonomy":"post_tag","embeddable":true,"href":"https:\/\/www.ovaprojects.com\/es\/wp-json\/wp\/v2\/tags?post=5892"}],"curies":[{"name":"wp","href":"https:\/\/api.w.org\/{rel}","templated":true}]}}